{"id":189,"date":"2011-05-17T22:21:35","date_gmt":"2011-05-17T20:21:35","guid":{"rendered":"http:\/\/www.horus.cz\/WHorus\/?p=189"},"modified":"2020-06-20T16:31:15","modified_gmt":"2020-06-20T14:31:15","slug":"hans-peter-duerr-sedna-aneb-laska-k-zivotu","status":"publish","type":"post","link":"http:\/\/www.horus.cz\/WHorus\/hans-peter-duerr-sedna-aneb-laska-k-zivotu\/","title":{"rendered":"Hans Peter Duerr: Sedna aneb L\u00e1ska k \u017eivotu"},"content":{"rendered":"<figure id=\"attachment_190\" aria-describedby=\"caption-attachment-190\" style=\"width: 300px\" class=\"wp-caption alignright\"><a href=\"http:\/\/www.horus.cz\/WHorus\/hans-peter-duerr-sedna-aneb-laska-k-zivotu\/80-901884-4-3\/\" rel=\"attachment wp-att-190\"><img loading=\"lazy\" decoding=\"async\" class=\"wp-image-190 size-full\" title=\"80-901884-4-3\" src=\"http:\/\/www.horus.cz\/WHorus\/wp-content\/uploads\/2011\/05\/80-901884-4-3.png\" alt=\"\" width=\"300\" height=\"424\" srcset=\"http:\/\/www.horus.cz\/WHorus\/wp-content\/uploads\/2011\/05\/80-901884-4-3.png 300w, http:\/\/www.horus.cz\/WHorus\/wp-content\/uploads\/2011\/05\/80-901884-4-3-212x300.png 212w, http:\/\/www.horus.cz\/WHorus\/wp-content\/uploads\/2011\/05\/80-901884-4-3-297x420.png 297w, http:\/\/www.horus.cz\/WHorus\/wp-content\/uploads\/2011\/05\/80-901884-4-3-150x212.png 150w\" sizes=\"auto, (max-width: 300px) 100vw, 300px\" \/><\/a><figcaption id=\"caption-attachment-190\" class=\"wp-caption-text\">Hans Peter Duerr: Sedna aneb L\u00e1ska k \u017eivotu<\/figcaption><\/figure>\n<p>Hans Peter Duerr, etnolog a historik kultury, p\u016fsob\u00edc\u00ed v sou\u010dasn\u00e9 dob\u011b jako profesor v Br\u00e9m\u00e1ch, proch\u00e1z\u00ed ve sv\u00e9 knize r\u016fzn\u00fdmi prehistorick\u00fdmi a novodob\u00fdmi kulturn\u00edmi primitivn\u00edmi kulturami a zab\u00fdv\u00e1 se ot\u00e1zkou vztahu \u010dlov\u011bka ke sv\u011btu.<\/p>\n<p>Sedna je eskym\u00e1ck\u00e1 bohyn\u011b, ke kter\u00e9 se \u0161aman vypravuje pro zv\u011b\u0159 v dob\u00e1ch nouze. Jeho sestup do Sedniny \u0159\u00ed\u0161e prov\u00e1z\u00ed ritu\u00e1l, p\u0159i n\u011bm\u017e mu\u017ei voln\u011b soulo\u017e\u00ed se \u017eenami, aby &#8222;Matku v\u0161eho \u017eiv\u00e9ho&#8220; pot\u011b\u0161ili a povzbudili k vyd\u00e1n\u00ed zv\u011b\u0159e. Duerr \u010dten\u00e1\u0159e seznamuje s podobn\u00fdmi tradicemi u nejr\u016fzn\u011bj\u0161\u00edch lovecko-sb\u011bra\u010dsk\u00fdch n\u00e1rod\u016f po cel\u00e9m sv\u011bt\u011b a ukazuje, \u017ee tyto ob\u0159ady (nap\u0159. Slune\u010dn\u00ed tanec u pr\u00e9rijn\u00edch Indi\u00e1n\u016f) sice byly v\u00fdrazem \u00fasil\u00ed do p\u0159\u00edrody zas\u00e1hnout, z\u00e1rove\u0148 ale nevnucovaly nic, na co by nebyla sama p\u0159ipravena. \u0160lo zde sp\u00ed\u0161e o paradigmatick\u00e9 jedn\u00e1n\u00ed, kter\u00e9 m\u011blo \u010dlov\u011bka i p\u0159\u00edrodu obrodit a p\u0159iv\u00e9st do kontaktu s ko\u0159eny \u017eivota.\u00a0Regenera\u010dn\u00ed ob\u0159ady prov\u00e1zen\u00e9 za\u010dast\u00e9 ob\u0159ady sexu\u00e1ln\u00edho r\u00e1zu sledujeme potom je\u0161t\u011b u prvn\u00edch zem\u011bd\u011blc\u016f a setk\u00e1v\u00e1me se s jejich pozvoln\u00fdm z\u00e1nikem ve sv\u011bt\u011b, ve kter\u00e9m Velkou bohyni vyst\u0159\u00eddala sol\u00e1rn\u00ed bo\u017estva.<\/p>\n<p>Kniha se \u010dlen\u00ed do t\u0159\u00ed odd\u00edl\u016f. V prvn\u00edm se seznamujeme s ritu\u00e1ly regenerace u lovc\u016f a sb\u011bra\u010d\u016f. Duerr se s t\u00e9matem vypo\u0159\u00e1dal v imponuj\u00edc\u00ed \u0161\u00ed\u0159i. Vedle t\u00e9mat etnologick\u00fdch (nap\u0159. <em>Chata Nov\u00e9ho \u017eivota, Star\u00e1 \u017eena pod vodop\u00e1dem<\/em> a <em>\u017dlutovlas\u00e1 panna, Matka mro\u017e\u016f<\/em>) se zam\u011b\u0159il i na aktu\u00e1ln\u00ed ot\u00e1zky z prehistorie (<em>V b\u0159ichu zem\u011b, \u0160aman a zv\u00ed\u0159ec\u00ed \u017eena, Venu\u0161e doby ledov\u00e9<\/em>).<\/p>\n<p>Vzhledem k tomu, \u017ee obecn\u00e1 etnologie \u010di kulturn\u00ed antropologie je u n\u00e1s po\u0159\u00e1d je\u0161t\u011b popelkou, jsou mnoh\u00e1 zde pojedn\u00e1van\u00e1 t\u00e9mata &#8211; nap\u0159. spojitost loveck\u00e9 magie s ob\u0159ady regenerace &#8211; \u010desk\u00e9mu \u010dten\u00e1\u0159i p\u0159edlo\u017eena v\u016fbec poprv\u00e9.<\/p>\n<p>V dal\u0161\u00edm d\u00edle za\u010d\u00edn\u00e1 u Velk\u00e9 bohyn\u011b prvn\u00edch maloasijsk\u00fdch m\u011bst (<em>Leopard\u00ed \u017eena a sup\u00ed samice<\/em>) a zab\u00fdv\u00e1 se jej\u00edmi prom\u011bnami v ran\u00fdch civilizac\u00edch Bl\u00edzk\u00e9ho v\u00fdchodu a v Egypt\u011b (<em>B\u00fdk sv\u00e9 matky, Roztrh\u00e1n\u00ed milence<\/em>). Bohyn\u011b klasick\u00fdch antick\u00fdch kultur v kapitol\u00e1ch <em>Roztrh\u00e1n\u00ed milence, Pan\u00ed labyrintu, Persefonin kl\u00edn<\/em>.<\/p>\n<p>Posledn\u00ed odd\u00edl nese titul <em>Pokusy o \u00fat\u011bk<\/em> a zab\u00fdv\u00e1 se ot\u00e1zkou, pro\u010d dnes po\u017e\u00edvaj\u00ed takov\u00e9 popularity my\u0161lenkov\u00e9 sm\u011bry, kter\u00fdm je spole\u010dn\u00e1 touha ut\u00e9ct ze sv\u011bta a chmurn\u00e1 vize lidsk\u00e9ho \u00fad\u011blu (<em>Ve\u0161ker\u00fd \u017eivot je utrpen\u00ed<\/em>), a kter\u00e9 v protikladu ke d\u0159\u00edve pojednan\u00fdm kulturn\u00edm vzor\u016fm nechovaj\u00ed nejmen\u0161\u00ed p\u00e9\u010di o udr\u017een\u00ed \u017eivota. V t\u00e9to poloze se kniha zab\u00fdv\u00e1 tak\u00e9 vztahem ke smrti (kdy\u017e u\u017e je jej\u00edm podtitulem <em>L\u00e1ska k \u017eivotu<\/em>) v r\u016fzn\u00fdch kultur\u00e1ch.<\/p>\n<p>Duerrova kniha je d\u016fle\u017eit\u00fdm p\u0159\u00edsp\u011bvkem k rozvoji \u010desk\u00e9 kulturn\u00ed antropologie s p\u0159\u00edm\u00fdm pozitivn\u00edm dopadem do dal\u0161\u00edch obor\u016f jako jsou prehistorie, etnologie, historie, religionistika, filosofie a kulturn\u00ed historie v\u016fbec. P\u0159eklad provedl specialista \u0161kolen\u00fd i na n\u011bmeck\u00fdch univerzit\u00e1ch, Petr Pato\u010dka, dob\u0159e obezn\u00e1men\u00fd jak s vlastn\u00ed problematikou, tak s v\u011bdeckou terminologi\u00ed.<\/p>\n<p>\u010cesk\u00fd text je proto pln\u011b na vysok\u00e9 odborn\u00e9 i jazykov\u00e9 \u00farovni a byl p\u0159ehl\u00e9dnut vedouc\u00edm \u00dastavu archeologie a muzeologie Filosofick\u00e9 fakulty MU v Brn\u011b, prof. PhDr. Vladim\u00edrem Podborsk\u00fdm.<\/p>\n<p>Vy\u0161lo jako 1. svazek edice GEREON. V\u00e1z\u00e1no do brazilsk\u00e9ho 250g kart\u00f3nu Strathmore Americana schiefer firmy Schneiders\u00f6hnepapier.<\/p>\n<p>Bro\u017e. A5, 416 stran.<br \/>\n80-901884-4-3<\/p>\n<p><span style=\"color: #008000;\">Na sklad\u011b.<\/span><\/p>\n<p><span class=\"td_btn td_btn_md td_outlined_btn\" style=\"color: #ff0000;\"><strong>Vyd\u00e1no: 1997<\/strong><\/span><\/p>\n<p>DPC: 360,- K\u010d v\u010d. DPH<\/p>\n<p><a href=\"https:\/\/alembiq.inshop.cz\/indiani\/obecne\/hanspeterduerrsednaaneblaskakzivotu%5B80-901884-4-3%5D?ItemIdx=0\" target=\"_blank\" rel=\"noopener noreferrer\"><span class=\"td_btn td_btn_lg td_outlined_btn\" style=\"color: #333399;\">KOUPIT<\/span><\/a><\/p>\n","protected":false},"excerpt":{"rendered":"<p>Hans Peter Duerr, etnolog a historik kultury, p\u016fsob\u00edc\u00ed v sou\u010dasn\u00e9 dob\u011b jako profesor v Br\u00e9m\u00e1ch, proch\u00e1z\u00ed ve sv\u00e9 knize r\u016fzn\u00fdmi prehistorick\u00fdmi a novodob\u00fdmi kulturn\u00edmi primitivn\u00edmi kulturami a zab\u00fdv\u00e1 se ot\u00e1zkou vztahu \u010dlov\u011bka ke sv\u011btu. Sedna je eskym\u00e1ck\u00e1 bohyn\u011b, ke kter\u00e9 se \u0161aman vypravuje pro zv\u011b\u0159 v dob\u00e1ch nouze. Jeho sestup do Sedniny \u0159\u00ed\u0161e prov\u00e1z\u00ed ritu\u00e1l, [&hellip;]<\/p>\n","protected":false},"author":1,"featured_media":190,"comment_status":"closed","ping_status":"open","sticky":false,"template":"","format":"standard","meta":{"tdm_status":"","tdm_grid_status":"","footnotes":"","_wp_rev_ctl_limit":""},"categories":[41],"tags":[72,75,69,73,77,76,44,70,71,74,57],"class_list":{"0":"post-189","1":"post","2":"type-post","3":"status-publish","4":"format-standard","5":"has-post-thumbnail","7":"category-knihy","8":"tag-etnologie","9":"tag-filosofie","10":"tag-hans-peter-duerr","11":"tag-historie","12":"tag-kulturni-antropologie","13":"tag-kulturni-historie","14":"tag-magie","15":"tag-petr-patocka","16":"tag-prehistorie","17":"tag-religionistika","18":"tag-sexualni-magie"},"_links":{"self":[{"href":"http:\/\/www.horus.cz\/WHorus\/wp-json\/wp\/v2\/posts\/189","targetHints":{"allow":["GET"]}}],"collection":[{"href":"http:\/\/www.horus.cz\/WHorus\/wp-json\/wp\/v2\/posts"}],"about":[{"href":"http:\/\/www.horus.cz\/WHorus\/wp-json\/wp\/v2\/types\/post"}],"author":[{"embeddable":true,"href":"http:\/\/www.horus.cz\/WHorus\/wp-json\/wp\/v2\/users\/1"}],"replies":[{"embeddable":true,"href":"http:\/\/www.horus.cz\/WHorus\/wp-json\/wp\/v2\/comments?post=189"}],"version-history":[{"count":2,"href":"http:\/\/www.horus.cz\/WHorus\/wp-json\/wp\/v2\/posts\/189\/revisions"}],"predecessor-version":[{"id":761,"href":"http:\/\/www.horus.cz\/WHorus\/wp-json\/wp\/v2\/posts\/189\/revisions\/761"}],"wp:featuredmedia":[{"embeddable":true,"href":"http:\/\/www.horus.cz\/WHorus\/wp-json\/wp\/v2\/media\/190"}],"wp:attachment":[{"href":"http:\/\/www.horus.cz\/WHorus\/wp-json\/wp\/v2\/media?parent=189"}],"wp:term":[{"taxonomy":"category","embeddable":true,"href":"http:\/\/www.horus.cz\/WHorus\/wp-json\/wp\/v2\/categories?post=189"},{"taxonomy":"post_tag","embeddable":true,"href":"http:\/\/www.horus.cz\/WHorus\/wp-json\/wp\/v2\/tags?post=189"}],"curies":[{"name":"wp","href":"https:\/\/api.w.org\/{rel}","templated":true}]}}